{"id":1,"date":"2013-09-06T09:29:00","date_gmt":"2013-09-06T09:29:00","guid":{"rendered":"https:\/\/antonius-chor-wettingen.ch\/?p=1"},"modified":"2020-09-25T10:02:44","modified_gmt":"2020-09-25T10:02:44","slug":"2013-genfer-see","status":"publish","type":"post","link":"https:\/\/antonius-chor-wettingen.ch\/index.php\/2013\/09\/06\/2013-genfer-see\/","title":{"rendered":"Chorreise vom 24.\u201325. August 2013"},"content":{"rendered":"\n<p class=\"wp-block-paragraph\">Wer kennt sie nicht, die herrlichen Ansichten vom Genfersee, Schloss Chillon und den Weinbergen mit ihren malerischen Winzerd\u00f6rfchen, auf unz\u00e4hligen Kalendern abgebildet und in jeder Schoggit\u00e4felipackung zwischen Kappelbr\u00fccke und Matterhorn zu finden \u2013 und war doch noch nie selber da.<\/p>\n\n\n\n<p class=\"wp-block-paragraph\">Die Reise im Car f\u00fchrte in einer ersten Etappe nach Montreux. Leuchteten dort anstelle der Sonne nur die Sturm\u2010Warnlichter f\u00fcr den Schiffsverkehr, so zeigte sich der See in Erwartung des Donnerwetters in seinen sch\u00f6nsten Blau\u2010 und Gr\u00fcnt\u00f6nen. W\u00e4hrend das Gros des Chores unverz\u00fcglich den Weg zum empfohlenen Restaurant nach Chillon unter die F\u00fcsse nahm, blieben einige wenige noch f\u00fcr eine Weile im mond\u00e4nen Montreux. Beim Promenieren entlang den Luxuspal\u00e4sten und Grandhotels f\u00fcr besonders gut betuchte G\u00e4ste \u00fcberkam einen unweigerlich das Gef\u00fchl, sich in die erste Klasse verirrt zu haben. Doch unverhofft trafen wir beim Betreten der altehrw\u00fcrdigen Markthalle doch noch auf originales Waadtl\u00e4nder\u2010 und Walliser\u2010 Kolorit. Eigentlich wollten wir ja nur etwas Leichtes essen. Doch in der volksfestartigen Stimmung mit Musik, Trachten und allerlei Attraktionen verfl\u00fcchtigte sich der gute Vorsatz im schweren, \u00fcber allem h\u00e4ngenden Fonduedunst im Nu.<\/p>\n\n\n\n<p class=\"wp-block-paragraph\">Ein Spaziergang entlang des Sees nach Chillon kann auch im str\u00f6menden Regen sehr sch\u00f6n sein und die Silhouette des Schlosses mit seiner teils d\u00fcsteren Geschichte wirkte in den Nebelschwaden vielleicht sogar noch eine Spur geheimnisvoller als bei Sonnenschein. Die F\u00fchrung durch das Ch\u00e2teau er\u00f6ffnete interessante Einblicke in die aus heutiger Sicht skurril anmutenden Gepflogenheiten seiner damaligen Bewohner.<\/p>\n\n\n\n<p class=\"wp-block-paragraph\">Nach dem pr\u00e4chtigen Wetter der letzten Wochen d\u00e4mpften die anhaltenden Schauer w\u00e4hrend der Weiterfahrt ins La C\u00f4te Weingebiet die Stimmung im Car. Indes klarte es rechtzeitig vor der Ankunft in Echichens wieder auf. F\u00fcr die \u201abeste Sicht auf den Mont Blanc\u2018 reichte es zwar nicht, daf\u00fcr gab es einen feinen Ap\u00e9ro mit Degustation. Im Gut von Michel Cruchon pflegt man auch alternative Methoden des Weinbaus. Beim Kosten stellte sich dann allerdings heraus, dass die nach klassischer Art produzierten Weine trotz Schadstoffen mehrheitlich den besseren Anklang fanden. Die anschliessende Weiterfahrt erfolgte in aufger\u00e4umter Stimmung.<\/p>\n\n\n\n<p class=\"wp-block-paragraph\">Nach Diner und \u00dcbernachtung im Hotel Prealpina in Chexbres mit grandiosem Ausblick auf See und Berge starteten wir am Morgen zu einer Wanderung durch die traumhaft sch\u00f6ne Rebenlandschaft des Lavaux mit Ziel im bekannten Weindorf Epesses. Die Anbaufl\u00e4chen sind hier kleiner als im La C\u00f4te, kunstvolle T\u00e4felchen markieren die verschiedenen \u201eClos\u201c und \u201eGrand Cru\u201c und der weisse Schriftzug \u201eDEZALEY\u201c inmitten des steilen Hanges vermittelte sogar etwas Hollywood Glamour. Die Wandergruppe \u2013 bald in sportlich Eilige und gem\u00e4chliche Geniesser aufgeteilt \u2013 traf erst auf der sch\u00f6nen Aussichtsterrasse in Epesses wieder zusammen. Im heimeligen Kellergew\u00f6lbe, bei Ap\u00e9ro Riche und Weinprobe mit Winzer Jean Francois Chevalley genossen wir den k\u00f6stlichen D\u00e9zaley und andere Weine. Und mochte es Monsieur Chevalley auch leicht irritiert haben, als der Antonius Chor als kleine Referenz das Lied \u201eTicino e Vino\u201c schmetterte, so war er mit dem nachfolgenden \u201eLe vieux Chalet\u201c bestimmt wieder mit der Deutschschweiz vers\u00f6hnt.<\/p>\n\n\n\n<p class=\"wp-block-paragraph\">Ganz herzlichen Dank unseren beiden Reiseleiterinnen Emilia und Helen f\u00fcr die sch\u00f6ne und rundum gelungene Reise.<\/p>\n\n\n\n<p class=\"wp-block-paragraph\">Geri Weibel<\/p>\n","protected":false},"excerpt":{"rendered":"<p>Wer kennt sie nicht, die herrlichen Ansichten vom Genfersee, Schloss Chillon und den Weinbergen mit ihren malerischen Winzerd\u00f6rfchen, auf unz\u00e4hligen Kalendern abgebildet und in jeder Schoggit\u00e4felipackung zwischen Kappelbr\u00fccke und Matterhorn zu finden \u2013 und war doch noch nie selber da. Die Reise im Car f\u00fchrte in einer ersten Etappe nach Montreux. Leuchteten dort anstelle der &#8230; <a title=\"Chorreise vom 24.\u201325. August 2013\" class=\"read-more\" href=\"https:\/\/antonius-chor-wettingen.ch\/index.php\/2013\/09\/06\/2013-genfer-see\/\">Weiterlesen <span class=\"screen-reader-text\">Chorreise vom 24.\u201325. August 2013<\/span><\/a><\/p>\n","protected":false},"author":1,"featured_media":0,"comment_status":"open","ping_status":"open","sticky":false,"template":"","format":"standard","meta":{"_acf_changed":false,"_jetpack_newsletter_access":"","_jetpack_dont_email_post_to_subs":false,"_jetpack_newsletter_tier_id":0,"_jetpack_memberships_contains_paywalled_content":false,"_jetpack_memberships_contains_paid_content":false,"footnotes":""},"categories":[3],"tags":[],"class_list":["post-1","post","type-post","status-publish","format-standard","hentry","category-reisen"],"acf":[],"jetpack_sharing_enabled":true,"jetpack_featured_media_url":"","_links":{"self":[{"href":"https:\/\/antonius-chor-wettingen.ch\/index.php\/wp-json\/wp\/v2\/posts\/1","targetHints":{"allow":["GET"]}}],"collection":[{"href":"https:\/\/antonius-chor-wettingen.ch\/index.php\/wp-json\/wp\/v2\/posts"}],"about":[{"href":"https:\/\/antonius-chor-wettingen.ch\/index.php\/wp-json\/wp\/v2\/types\/post"}],"author":[{"embeddable":true,"href":"https:\/\/antonius-chor-wettingen.ch\/index.php\/wp-json\/wp\/v2\/users\/1"}],"replies":[{"embeddable":true,"href":"https:\/\/antonius-chor-wettingen.ch\/index.php\/wp-json\/wp\/v2\/comments?post=1"}],"version-history":[{"count":3,"href":"https:\/\/antonius-chor-wettingen.ch\/index.php\/wp-json\/wp\/v2\/posts\/1\/revisions"}],"predecessor-version":[{"id":198,"href":"https:\/\/antonius-chor-wettingen.ch\/index.php\/wp-json\/wp\/v2\/posts\/1\/revisions\/198"}],"wp:attachment":[{"href":"https:\/\/antonius-chor-wettingen.ch\/index.php\/wp-json\/wp\/v2\/media?parent=1"}],"wp:term":[{"taxonomy":"category","embeddable":true,"href":"https:\/\/antonius-chor-wettingen.ch\/index.php\/wp-json\/wp\/v2\/categories?post=1"},{"taxonomy":"post_tag","embeddable":true,"href":"https:\/\/antonius-chor-wettingen.ch\/index.php\/wp-json\/wp\/v2\/tags?post=1"}],"curies":[{"name":"wp","href":"https:\/\/api.w.org\/{rel}","templated":true}]}}