{"id":176,"date":"2018-02-13T17:40:01","date_gmt":"2018-02-13T17:40:01","guid":{"rendered":"https:\/\/antonius-chor-wettingen.ch\/?p=176"},"modified":"2020-09-24T17:46:33","modified_gmt":"2020-09-24T17:46:33","slug":"generalversammlung-vom-18-januar-2018","status":"publish","type":"post","link":"https:\/\/antonius-chor-wettingen.ch\/index.php\/2018\/02\/13\/generalversammlung-vom-18-januar-2018\/","title":{"rendered":"Generalversammlung vom 18. Januar 2018"},"content":{"rendered":"\n<p class=\"wp-block-paragraph\">Pr\u00e4sident Walter W\u00fcrsch begr\u00fcsste die Versammlungsteilnehmer zur 64. GV. Anschliessend \u00fcbergab er das Wort an unsere Frau Pr\u00e4ses Ulrike Zimmermann. Sie brachte zum Ausdruck, dass sie sich ausserordentlich freue, zum ersten Mal als Frau Pr\u00e4ses an der GV teilnehmen zu d\u00fcrfen. Sie w\u00fcnschte dem Chor f\u00fcr das neue Jahr alle Gute und der GV einen positiven Verlauf.<\/p>\n\n\n\n<p class=\"wp-block-paragraph\"><strong>Der Rechenschaftsbericht des Pr\u00e4sidenten: <\/strong>R\u00fcckblickend aufs Chorjahr 2017: Auch im vergangenen Jahr hat der Chor, neben den zahlreichen Proben, mit seinen 22 Auftritten eine beachtliche Leistung erbracht.<\/p>\n\n\n\n<p class=\"wp-block-paragraph\">Als Auftrittsschwerpunkte nannte er: In der Ostersonntag-Messe<em>, <\/em>wo der Chor mit G\u00e4sten, vier Vokalsolisten und einem Ad-hoc-Orchester, die romantische Jubelmesse von Carl Maria von Weber auff\u00fchrte. H\u00f6hepunkte im 2. Halbjahr: Zum Patrozinium des Klosters Wettingen im August sang der Chor im feierlichen Pontifikalamt die Missa in G (D167) von Franz Schubert. Im Oktober in Baden die Teilnahme am Gesangsfest des Kirchenmusikverbandes der Region Baden. Im Festgottesdienst sangen die vereinten Ch\u00f6re die Missa \u201ePrinceps pacis\u201c vom englischen Komponisten William Lloyd Webber. Im Gottesdienst am Hl. Abend f\u00fchrte der Chor, unter der Leitung von Thomas Schacher, das Oratorio de No\u00ebl von Camille Saint-Sa\u00ebns auf. Begleitet von einem Streichquintett mit der Konzertmeisterin Gabriela Ramsauer, den Vokalsolisten: Angelica R\u00f6hrig, Sopran; Regine Fluor, Mezzosopran; Jennifer Mc Gowan, Alt; Walter Siegel, Tenor und Erich Bieri, Bass. Sephora-Maria Luchsinger Harfe und Alina Nikitina, Orgel.<\/p>\n\n\n\n<p class=\"wp-block-paragraph\"><strong>Die Vorschau unseres Chorleiters auf das 1. Halbjahr 2018<\/strong>: Chorleiter Thomas Schacher m\u00f6chte in seinem letzten Halbjahreszyklus mit dem Chor nochmals ein grosses Werk auff\u00fchren. Auf dem Programm steht die Missa in C-Dur KV 257, die sog. \u201eGrosse Credo- Messe\u201c, von W. A. Mozart am Ostersonntag.<\/p>\n\n\n\n<p class=\"wp-block-paragraph\"><strong>Die Jahresrechnung 2017\/Budget 2018:<\/strong> Kassier Geri Weibel erl\u00e4uterte die wichtigsten Konti-Positionen und Saldi. Die Revisorinnen Hedy Meier und Roswitha Wettstein best\u00e4tigten den Anwesenden &#8211; wie alle Jahre &#8211; eine ordentliche und vorbildliche Kassenf\u00fchrung. Die Jahresrechnung 2017 und das Budget 2018 wurden mit grossem Applaus einstimmig genehmigt.<\/p>\n\n\n\n<p class=\"wp-block-paragraph\">Zum Abschluss bedankte sich Walter W\u00fcrsch bei den Chors\u00e4ngerinnen und Chors\u00e4ngern, bei den Vst.- Mitgliedern und vor allem bei unserem Chorleiter Thomas Schacher f\u00fcr seinen unerm\u00fcdlichen Einsatz in den vergangenen 21 Jahren. <\/p>\n\n\n\n<p class=\"wp-block-paragraph\">Wettingen, im Januar 2018<br>Protokoll: Werner Enzmann, Aktuar<\/p>\n\n\n\n<p class=\"wp-block-paragraph\"><a href=\"\/wp-content\/uploads\/2020\/09\/GV_2018_Antonius_Chor_Website.pdf\">Download (PDF)<\/a><\/p>\n","protected":false},"excerpt":{"rendered":"<p>Pr\u00e4sident Walter W\u00fcrsch begr\u00fcsste die Versammlungsteilnehmer zur 64. GV. Anschliessend \u00fcbergab er das Wort an unsere Frau Pr\u00e4ses Ulrike Zimmermann. Sie brachte zum Ausdruck, dass sie sich ausserordentlich freue, zum ersten Mal als Frau Pr\u00e4ses an der GV teilnehmen zu d\u00fcrfen. Sie w\u00fcnschte dem Chor f\u00fcr das neue Jahr alle Gute und der GV einen &#8230; <a title=\"Generalversammlung vom 18. Januar 2018\" class=\"read-more\" href=\"https:\/\/antonius-chor-wettingen.ch\/index.php\/2018\/02\/13\/generalversammlung-vom-18-januar-2018\/\">Weiterlesen <span class=\"screen-reader-text\">Generalversammlung vom 18. Januar 2018<\/span><\/a><\/p>\n","protected":false},"author":1,"featured_media":0,"comment_status":"open","ping_status":"open","sticky":false,"template":"","format":"standard","meta":{"_acf_changed":false,"_jetpack_newsletter_access":"","_jetpack_dont_email_post_to_subs":false,"_jetpack_newsletter_tier_id":0,"_jetpack_memberships_contains_paywalled_content":false,"_jetpack_memberships_contains_paid_content":false,"footnotes":""},"categories":[37],"tags":[],"class_list":["post-176","post","type-post","status-publish","format-standard","hentry","category-verwaltung"],"acf":[],"jetpack_sharing_enabled":true,"jetpack_featured_media_url":"","_links":{"self":[{"href":"https:\/\/antonius-chor-wettingen.ch\/index.php\/wp-json\/wp\/v2\/posts\/176","targetHints":{"allow":["GET"]}}],"collection":[{"href":"https:\/\/antonius-chor-wettingen.ch\/index.php\/wp-json\/wp\/v2\/posts"}],"about":[{"href":"https:\/\/antonius-chor-wettingen.ch\/index.php\/wp-json\/wp\/v2\/types\/post"}],"author":[{"embeddable":true,"href":"https:\/\/antonius-chor-wettingen.ch\/index.php\/wp-json\/wp\/v2\/users\/1"}],"replies":[{"embeddable":true,"href":"https:\/\/antonius-chor-wettingen.ch\/index.php\/wp-json\/wp\/v2\/comments?post=176"}],"version-history":[{"count":1,"href":"https:\/\/antonius-chor-wettingen.ch\/index.php\/wp-json\/wp\/v2\/posts\/176\/revisions"}],"predecessor-version":[{"id":178,"href":"https:\/\/antonius-chor-wettingen.ch\/index.php\/wp-json\/wp\/v2\/posts\/176\/revisions\/178"}],"wp:attachment":[{"href":"https:\/\/antonius-chor-wettingen.ch\/index.php\/wp-json\/wp\/v2\/media?parent=176"}],"wp:term":[{"taxonomy":"category","embeddable":true,"href":"https:\/\/antonius-chor-wettingen.ch\/index.php\/wp-json\/wp\/v2\/categories?post=176"},{"taxonomy":"post_tag","embeddable":true,"href":"https:\/\/antonius-chor-wettingen.ch\/index.php\/wp-json\/wp\/v2\/tags?post=176"}],"curies":[{"name":"wp","href":"https:\/\/api.w.org\/{rel}","templated":true}]}}