{"id":183,"date":"2018-02-13T09:03:19","date_gmt":"2018-02-13T09:03:19","guid":{"rendered":"https:\/\/antonius-chor-wettingen.ch\/?p=183"},"modified":"2020-09-25T09:47:39","modified_gmt":"2020-09-25T09:47:39","slug":"chorabend-vom-27-januar-2018","status":"publish","type":"post","link":"https:\/\/antonius-chor-wettingen.ch\/index.php\/2018\/02\/13\/chorabend-vom-27-januar-2018\/","title":{"rendered":"Chorabend vom 27. Januar 2018"},"content":{"rendered":"\n<p class=\"wp-block-paragraph\">Traditionell begann der Chorabend mit einem vorg\u00e4ngigen Gottesdienstauftritt im St. Anton, wo der Chor &#8211; unter der Leitung von Thomas Schacher, begleitet von einem Streichertrio mit Gabriela Ramsauer (1. Violine), Philipp Zimmerman (2. Violine), Daniela Roos-Hunziker (Violoncello) sowie Lysiane Salzmann (Orgel) &#8211; die \u201eKleine Orgelsolomesse in B-Dur\u201c von Joseph Haydn vortrug. Den Solopart sang die Mezzosopranistin Christina Daletska. Anschliessend ging es zum gem\u00fctlichen Teil \u00fcber. Nach dem Ap\u00e9ro und den Begr\u00fcssungsreden vom Pr\u00e4sidenten Walter W\u00fcrsch und von Frau Pr\u00e4ses Ulrike Zimmermann genossen die Anwesenden das feine Nachtessen. Dies wurde mit Sologes\u00e4ngen von Christina Daletska, begleitet von Lysiane Salzmann am Klavier, untermalt. Liedervortr\u00e4ge vom Chor rundeten das Unterhaltungsprogramm ab.<\/p>\n\n\n\n<p class=\"wp-block-paragraph\">Im Mittelpunkt stand die Ehrung von unserem Ehrenmitglied Elsbeth Jost f\u00fcr Ihr 60-Jahr-Jubil\u00e4um als aktive Chors\u00e4ngerin. Der Pr\u00e4sident und die Chormitglieder bedachten Elsbeth mit grossem Applaus f\u00fcr ihre langj\u00e4hrige Treue und erbrachtes Engagement f\u00fcr den Chor. Wir alle hoffen, dass Sie uns noch viele Jahre als Soprans\u00e4ngerin erhalten bleibt. Als weiteres Chormitglied wurde Roswitha Wettstein f\u00fcr Ihre 25 Jahre Chormitgliedschaft geehrt. <em>(WE)<\/em><\/p>\n\n\n\n<figure class=\"wp-block-image size-large is-resized\"><img loading=\"lazy\" decoding=\"async\" src=\"https:\/\/antonius-chor-wettingen.ch\/wp-content\/uploads\/2020\/09\/vize_und_ehrenmitglied_chorabend_2018-768x1024.jpg\" alt=\"\" class=\"wp-image-184\" width=\"316\" height=\"421\" srcset=\"https:\/\/antonius-chor-wettingen.ch\/wp-content\/uploads\/2020\/09\/vize_und_ehrenmitglied_chorabend_2018-768x1024.jpg 768w, https:\/\/antonius-chor-wettingen.ch\/wp-content\/uploads\/2020\/09\/vize_und_ehrenmitglied_chorabend_2018-225x300.jpg 225w, https:\/\/antonius-chor-wettingen.ch\/wp-content\/uploads\/2020\/09\/vize_und_ehrenmitglied_chorabend_2018.jpg 819w\" sizes=\"auto, (max-width: 316px) 100vw, 316px\" \/><figcaption><em>Foto: Vizepr\u00e4sidentin Agnes Regensburger (l) und Ehrenmitglied Elsbeth Jost (r)<\/em><\/figcaption><\/figure>\n\n\n\n<p class=\"wp-block-paragraph\"><a href=\"\/wp-content\/uploads\/2020\/09\/Chorabend_2018_Antonius_Chor.pdf\">Download als PDF<\/a><\/p>\n","protected":false},"excerpt":{"rendered":"<p>Traditionell begann der Chorabend mit einem vorg\u00e4ngigen Gottesdienstauftritt im St. Anton, wo der Chor &#8211; unter der Leitung von Thomas Schacher, begleitet von einem Streichertrio mit Gabriela Ramsauer (1. Violine), Philipp Zimmerman (2. Violine), Daniela Roos-Hunziker (Violoncello) sowie Lysiane Salzmann (Orgel) &#8211; die \u201eKleine Orgelsolomesse in B-Dur\u201c von Joseph Haydn vortrug. Den Solopart sang die &#8230; <a title=\"Chorabend vom 27. Januar 2018\" class=\"read-more\" href=\"https:\/\/antonius-chor-wettingen.ch\/index.php\/2018\/02\/13\/chorabend-vom-27-januar-2018\/\">Weiterlesen <span class=\"screen-reader-text\">Chorabend vom 27. Januar 2018<\/span><\/a><\/p>\n","protected":false},"author":1,"featured_media":0,"comment_status":"open","ping_status":"open","sticky":false,"template":"","format":"standard","meta":{"_acf_changed":false,"_jetpack_newsletter_access":"","_jetpack_dont_email_post_to_subs":false,"_jetpack_newsletter_tier_id":0,"_jetpack_memberships_contains_paywalled_content":false,"_jetpack_memberships_contains_paid_content":false,"footnotes":""},"categories":[38],"tags":[],"class_list":["post-183","post","type-post","status-publish","format-standard","hentry","category-chorabend"],"acf":[],"jetpack_sharing_enabled":true,"jetpack_featured_media_url":"","_links":{"self":[{"href":"https:\/\/antonius-chor-wettingen.ch\/index.php\/wp-json\/wp\/v2\/posts\/183","targetHints":{"allow":["GET"]}}],"collection":[{"href":"https:\/\/antonius-chor-wettingen.ch\/index.php\/wp-json\/wp\/v2\/posts"}],"about":[{"href":"https:\/\/antonius-chor-wettingen.ch\/index.php\/wp-json\/wp\/v2\/types\/post"}],"author":[{"embeddable":true,"href":"https:\/\/antonius-chor-wettingen.ch\/index.php\/wp-json\/wp\/v2\/users\/1"}],"replies":[{"embeddable":true,"href":"https:\/\/antonius-chor-wettingen.ch\/index.php\/wp-json\/wp\/v2\/comments?post=183"}],"version-history":[{"count":2,"href":"https:\/\/antonius-chor-wettingen.ch\/index.php\/wp-json\/wp\/v2\/posts\/183\/revisions"}],"predecessor-version":[{"id":188,"href":"https:\/\/antonius-chor-wettingen.ch\/index.php\/wp-json\/wp\/v2\/posts\/183\/revisions\/188"}],"wp:attachment":[{"href":"https:\/\/antonius-chor-wettingen.ch\/index.php\/wp-json\/wp\/v2\/media?parent=183"}],"wp:term":[{"taxonomy":"category","embeddable":true,"href":"https:\/\/antonius-chor-wettingen.ch\/index.php\/wp-json\/wp\/v2\/categories?post=183"},{"taxonomy":"post_tag","embeddable":true,"href":"https:\/\/antonius-chor-wettingen.ch\/index.php\/wp-json\/wp\/v2\/tags?post=183"}],"curies":[{"name":"wp","href":"https:\/\/api.w.org\/{rel}","templated":true}]}}