{"id":189,"date":"2016-09-04T09:48:58","date_gmt":"2016-09-04T09:48:58","guid":{"rendered":"https:\/\/antonius-chor-wettingen.ch\/?p=189"},"modified":"2020-09-25T09:50:00","modified_gmt":"2020-09-25T09:50:00","slug":"chorreise-in-den-jura","status":"publish","type":"post","link":"https:\/\/antonius-chor-wettingen.ch\/index.php\/2016\/09\/04\/chorreise-in-den-jura\/","title":{"rendered":"Chorreise in den Jura"},"content":{"rendered":"\n<p class=\"wp-block-paragraph\">Gut gelaunt und nach den Erfahrungen der letzten Reisen voller Erwartungen, starteten wir Sonntag fr\u00fch zu unserer eint\u00e4gigen Expedition in den wenig bekannten Jura. Stadtf\u00fchrung Del\u00e9mont. Nach Verlassen des Cars und in der k\u00fchlen Morgenluft leicht fr\u00f6stelnd, beschlich einem schon nach wenigen Schritten durch die Altstadt \u2013 nebst dem Bed\u00fcrfnis, schnell wieder in den warmen Car zu steigen \u2013 auch der Verdacht, eigentlich bereits alles gesehen zu haben. Doch wie so oft f\u00fcllte sich die Szenerie w\u00e4hrend der folgenden F\u00fchrung schon bald mit Leben und verwandelte die kleine, 2006 mit dem Wakkerpreis dekorierte Hauptstadt des jungen Kantons Jura in einen durchaus sehenswerten Ort. Von den ehemaligen Herren in Bern vernachl\u00e4ssigt und trotz, oder vielleicht bis zu einem gewissen Grad gerade auch wegen der bis heute anhaltenden finanziellen Tristesse, hat Del\u00e9mont einiges zu bieten. Zu gerne h\u00e4tte ich auch von der schmalen Galerie des Turmes aus das Panorama von Stadt und Umgebung bewundert. Indes erstickte eine andere Aussicht, n\u00e4mlich diejenige auf Treppensteigen, diesen Plan bereits im Ansatz. Dank den Basler F\u00fcrstbisch\u00f6fen gibt es ein schmuckes, mit orientalischen Kriegerfiguren und viel Stuck verziertes Stadtschloss. Die eleganten, hohen R\u00e4ume der ehemaligen Sommerresidenz dienen heute als Schulzimmer und im stimmungsvollen Park lockt w\u00e4hrend der Sommermonate ein Open-Air-Kino. Weiter ging es von Del\u00e9mont nach Porrentruy \u2013 just wie weiland HD L\u00e4ppli im Film von 1959. Im Gegensatz zum braven Soldaten, der bekanntlich beim Kirchturm in Courrendlin falsch abbog und deshalb irrt\u00fcmlich nach Moutier \u2013 dort war ich auch noch nie &#8211; marschierte, steuerte Markus K. den Car zielsicher durch die sch\u00f6nen und d\u00fcnn besiedelten Landschaften der Ajoie. Zu dieser Augenweide passte die Verk\u00fcndung des in blumigem Franz\u00f6sisch gehaltenen Mittags-Menus: Le jambon cru d\u2018Ajoie. P\u00eaches, amandes douces \u00e0 la fleur de sel. La coriandre en huile vierge, baies du Munotc. La poitrine de canette de Challans, miel \u201efleurs de la Baroche, persil\u2026 oh la la, aber hoffentlich keine Schnecken! Nach kniffliger und durch den Chauffeur trotz kurzer Panik seitens weiblicher Passagiere mit \u201aS\u00e4getechnik\u2019 tadellos gemeisterter Auffahrt zum Restaurant Ch\u00e2teau de Pleujouse \u2013 gab es zur Entspannung ein Glas Weissen auf dem sch\u00f6nen, wenn auch etwas zugigen Vorplatz des malerischen Schl\u00f6sschens. Vor dem Essen \u00fcberraschten wir die mehrheitlich franz\u00f6sischsprachigen G\u00e4ste und Angestellten &#8211; man ahnt es \u2013 mit J.B. Hilbers unsterblichen Gassenhauer \u201eTicino e Vino\u201c. Warmer Applaus. Das Essen und die Stimmung waren ganz hervorragend und man m\u00f6chte gerne wieder einmal zur\u00fcckkehren. In Porrentruy flackerte die Erinnerung an L\u00e4ppli ein zweites mal auf, gemahnte die etwas verkrampfte Stadtf\u00fchrerin doch ein wenig an Oberleutnant Clermont im Kompanieb\u00fcro Pruntrut. Ursache f\u00fcr die Verstimmung lag in Emilias Besichtigungs-Wunsch \u201ePorrentruy in religi\u00f6ser Hinsicht\u201c. Unser Leutnant \u2013 pardon die Stadtf\u00fchrerin \u2013 dazu gen\u00f6tigt ihre Pr\u00e4sentation neu zu erarbeiten, liess denn auch immer wieder durchblicken, dass sie eigentlich gerne dies und das zeigen wolle, aber \u201eauf Grund des von Ihnen gew\u00fcnschten Programmes\u2026\u201c Nun ja, bei allem Respekt vor silbernen Monstranzen h\u00e4tte ich offen gesagt auch lieber etwas mehr vom St\u00e4dtchen gesehen. Doch dies tat dem Ganzen keinen Abbruch und so bleibt obendrein f\u00fcr einen n\u00e4chsten Besuch noch gen\u00fcgend Raum f\u00fcr Entdeckungen. Auf der R\u00fcckreise via Saignel\u00e9gier gab es sch\u00f6ne Bauernh\u00e4user und weite Landschaften mit vielen frei laufenden Pferden zu bewundern. Vielen herzlichen Dank f\u00fcr eine weitere tolle Reise \u2013 und wie immer: a une prochaine, ch\u00e8re Emilia.<\/p>\n\n\n\n<p class=\"wp-block-paragraph\">Geri<\/p>\n","protected":false},"excerpt":{"rendered":"<p>Gut gelaunt und nach den Erfahrungen der letzten Reisen voller Erwartungen, starteten wir Sonntag fr\u00fch zu unserer eint\u00e4gigen Expedition in den wenig bekannten Jura. Stadtf\u00fchrung Del\u00e9mont. Nach Verlassen des Cars und in der k\u00fchlen Morgenluft leicht fr\u00f6stelnd, beschlich einem schon nach wenigen Schritten durch die Altstadt \u2013 nebst dem Bed\u00fcrfnis, schnell wieder in den warmen &#8230; <a title=\"Chorreise in den Jura\" class=\"read-more\" href=\"https:\/\/antonius-chor-wettingen.ch\/index.php\/2016\/09\/04\/chorreise-in-den-jura\/\">Weiterlesen <span class=\"screen-reader-text\">Chorreise in den Jura<\/span><\/a><\/p>\n","protected":false},"author":1,"featured_media":0,"comment_status":"open","ping_status":"open","sticky":false,"template":"","format":"standard","meta":{"_acf_changed":false,"_jetpack_newsletter_access":"","_jetpack_dont_email_post_to_subs":false,"_jetpack_newsletter_tier_id":0,"_jetpack_memberships_contains_paywalled_content":false,"_jetpack_memberships_contains_paid_content":false,"footnotes":""},"categories":[3],"tags":[],"class_list":["post-189","post","type-post","status-publish","format-standard","hentry","category-reisen"],"acf":[],"jetpack_sharing_enabled":true,"jetpack_featured_media_url":"","_links":{"self":[{"href":"https:\/\/antonius-chor-wettingen.ch\/index.php\/wp-json\/wp\/v2\/posts\/189","targetHints":{"allow":["GET"]}}],"collection":[{"href":"https:\/\/antonius-chor-wettingen.ch\/index.php\/wp-json\/wp\/v2\/posts"}],"about":[{"href":"https:\/\/antonius-chor-wettingen.ch\/index.php\/wp-json\/wp\/v2\/types\/post"}],"author":[{"embeddable":true,"href":"https:\/\/antonius-chor-wettingen.ch\/index.php\/wp-json\/wp\/v2\/users\/1"}],"replies":[{"embeddable":true,"href":"https:\/\/antonius-chor-wettingen.ch\/index.php\/wp-json\/wp\/v2\/comments?post=189"}],"version-history":[{"count":1,"href":"https:\/\/antonius-chor-wettingen.ch\/index.php\/wp-json\/wp\/v2\/posts\/189\/revisions"}],"predecessor-version":[{"id":190,"href":"https:\/\/antonius-chor-wettingen.ch\/index.php\/wp-json\/wp\/v2\/posts\/189\/revisions\/190"}],"wp:attachment":[{"href":"https:\/\/antonius-chor-wettingen.ch\/index.php\/wp-json\/wp\/v2\/media?parent=189"}],"wp:term":[{"taxonomy":"category","embeddable":true,"href":"https:\/\/antonius-chor-wettingen.ch\/index.php\/wp-json\/wp\/v2\/categories?post=189"},{"taxonomy":"post_tag","embeddable":true,"href":"https:\/\/antonius-chor-wettingen.ch\/index.php\/wp-json\/wp\/v2\/tags?post=189"}],"curies":[{"name":"wp","href":"https:\/\/api.w.org\/{rel}","templated":true}]}}