{"id":191,"date":"2017-10-11T09:53:40","date_gmt":"2017-10-11T09:53:40","guid":{"rendered":"https:\/\/antonius-chor-wettingen.ch\/?p=191"},"modified":"2020-10-23T08:14:18","modified_gmt":"2020-10-23T08:14:18","slug":"chorreise-2017-ins-sonnenland-ticino-verzascatal","status":"publish","type":"post","link":"https:\/\/antonius-chor-wettingen.ch\/index.php\/2017\/10\/11\/chorreise-2017-ins-sonnenland-ticino-verzascatal\/","title":{"rendered":"Chorreise 2017 ins Sonnenland Ticino \/ Verzascatal"},"content":{"rendered":"\n<p class=\"wp-block-paragraph\">Habe angesichts des Regenberichts schon beim Start die starke Vermutung, dass das Wetter nicht h\u00e4lt was das Lied verspricht. Nach flotter Fahrt ein kurzer Halt bei der Rastst\u00e4tte in Piotta. Insofern bemerkenswert, weil diese nebst der unseren in Neuenhof in Swiss Miniature nachgebaut und bis heute bewundert werden kann. Wie sich die Zeiten doch \u00e4ndern.<\/p>\n\n\n\n<p class=\"wp-block-paragraph\">Mittagspause in Locarno, danach mit dem Car steile Rampen ins Tal hinauf zur \u00fcber 200 Meter hohen Staumauer des Lago di Vogorno. Trotz Regen und Wind raus aus dem Bus und auf die Mauer. Ein paar Beherzte st\u00fcrzen sich \u2013 wie weiland 007 \u2013 mit Urschrei vom Golden Eye aus in die Tiefe. F\u00fchle mich zu alt daf\u00fcr, daher zur\u00fcck zum Bus. N\u00e4chster Stopp bei der ber\u00fchmten Ponte Romano di Lavertezzo. Der Regen hat noch zugelegt und die Schuhe sind auch schon etwas nass. Nur noch eine Handvoll Furchtloser traut sich auf die Br\u00fccke, von der aus sich anstelle des vertrauten Postkarten- Anblicks mit kristallklar blau schimmerndem Wasser, nunmehr braune Fluten mit grossem Ungest\u00fcm gen Tal w\u00e4lzten. Mittlerweile sind jetzt auch die Hosen nass.<\/p>\n\n\n\n<p class=\"wp-block-paragraph\">Weiter ins Tal hinauf, an unz\u00e4hligen noch nie gesehenen Wasserf\u00e4llen vorbei ins kleine Sonogno. Trotz Dauerregen kurzer Rundgang durchs Dorf. Ein paar H\u00fchner be\u00e4ugen mich neugierig aus ihrem trockenen Stall. Keine Touristen weit und breit und die Regenjacke h\u00e4lt dicht. Was will man mehr. R\u00fcckfahrt zum Konzert in der malerischen Kirche von Frasco. Nach dem Einsingen im Gemeindehaus gespanntes Warten auf den Corale Verzaschese. Professioneller Aufmarsch in Zweierkolonne und blauer Einheitskleidung. Sch\u00f6ne Volkslieder, lebhafte und traurige, vermitteln viel Lokalkolorit und lassen die d\u00fcstere Witterung vor der Kirchent\u00fcr vergessen. Sehr stimmiger Vortrag. Bravo!<\/p>\n\n\n\n<p class=\"wp-block-paragraph\">Zweiter Teil des Konzerts mit Antonius-Chor. Missa Prima von Crassini, deren melancholische Stimmung in s\u00fcdlichen Sph\u00e4ren immer gut ankommt. Danach Arcadelt \u2013 sehr edel. Zugabe! Sch\u00f6nes Gemeinschafts-Konzert das in guter Erinnerung bleiben wird. Zur\u00fcck nach Sonogno zum vom Corale offerierten Nachtessen. Grazie per l\u2018ospitali\u00e0! Die Gastgeber gl\u00e4nzen mit temperamentvollen Gesangseinlagen und der Dirigent als Virtuose auf der Fisarmonica. Wir halten dagegen und die dunkle Ahnung, der zufolge wir nach Ticino e Vino in frankophonem Raum dereinst im Tessin daf\u00fcr le vieux Chalet singen, erf\u00fcllt sich.<\/p>\n\n\n\n<p class=\"wp-block-paragraph\">R\u00fcckfahrt nach Locarno und hinein ins Nachtleben f\u00fcr ein letztes Glas! Stelle ersch\u00fcttert fest, dass bis auf unseren Dirigenten die gesamte Truppe im Hotel bleibt \u2013 schlaafen. Das war auch schon anders. Ort: Piazza Grande. Zeit: Samstagnacht, elf Uhr so-und-so. Verf\u00fcgbares Angebot: schon fast alles zu. Was ist nur aus unserem Sonnenland geworden. Schliesslich findet sich doch noch ein offenes Lokal und ein gut gelaunter Barkeeper aus Sizilien rettet den Ausgang.<\/p>\n\n\n\n<p class=\"wp-block-paragraph\">Sonntagmorgen Weiterfahrt nach Cugnasco, wo ein farbiger Aushang unseren Chor ank\u00fcndigt. Nach dem Einsingen \u00fcberraschende Umplatzierung in einen engen Seitenfl\u00fcgel der Kirche.<\/p>\n\n\n\n<p class=\"wp-block-paragraph\">Erkenntnis: w\u00e4hrend auf dem Vorplatz eine grosse Festb\u00fchne f\u00fcr die T\u00f6ffsegnung bereitsteht, fristen Kirchench\u00f6re auch hierzulande ein Nischendasein. Ein Ap\u00e9ro Riche und Wein aus feengepfl\u00fcckten Trauben vers\u00f6hnt mit dem Ort. Weiterfahrt und anschliessend mit dem gescheiten Stadtf\u00fchrer Paolo durchs sch\u00f6ne Bellinzona. Historisch interessante Schnittstelle zwischen Nord und S\u00fcd. Drei Unesco gesch\u00fctzte Burgen mit viel Mauerwerk riegeln das Tal ab. Malerische Altstadt, aber auch ern\u00fcchternde Erkenntnis, dass die beliebte original Tessiner Traditionsspeise ein Relikt russischer Besatzungspolitik ist. Dio mio &#8211; La Bella Polenta!<\/p>\n\n\n\n<p class=\"wp-block-paragraph\">Etwas wie Endzeitstimmung bei der Heimfahrt \u00fcber den verschneiten Gotthard. Wie sch\u00f6n anzusehen, aber der Sommer 2017 ist vor\u00fcber. Es war eine weitere kurzweilige Chorreise, orchestriert von unserem Duett Emilia und Helen. Es bleiben neue Facetten des Sonnenlandes und wer weiss, neue Freundschaften mit unseren lieben Chorkolleginnen und Kollegen aus dem S\u00fcden.<\/p>\n\n\n\n<p class=\"wp-block-paragraph\">Geri Weibel<\/p>\n","protected":false},"excerpt":{"rendered":"<p>Habe angesichts des Regenberichts schon beim Start die starke Vermutung, dass das Wetter nicht h\u00e4lt was das Lied verspricht. Nach flotter Fahrt ein kurzer Halt bei der Rastst\u00e4tte in Piotta. Insofern bemerkenswert, weil diese nebst der unseren in Neuenhof in Swiss Miniature nachgebaut und bis heute bewundert werden kann. Wie sich die Zeiten doch \u00e4ndern. &#8230; <a title=\"Chorreise 2017 ins Sonnenland Ticino \/ Verzascatal\" class=\"read-more\" href=\"https:\/\/antonius-chor-wettingen.ch\/index.php\/2017\/10\/11\/chorreise-2017-ins-sonnenland-ticino-verzascatal\/\">Weiterlesen <span class=\"screen-reader-text\">Chorreise 2017 ins Sonnenland Ticino \/ Verzascatal<\/span><\/a><\/p>\n","protected":false},"author":1,"featured_media":0,"comment_status":"open","ping_status":"open","sticky":false,"template":"","format":"standard","meta":{"_acf_changed":false,"_jetpack_newsletter_access":"","_jetpack_dont_email_post_to_subs":false,"_jetpack_newsletter_tier_id":0,"_jetpack_memberships_contains_paywalled_content":false,"_jetpack_memberships_contains_paid_content":false,"footnotes":""},"categories":[3],"tags":[49,45,48,47],"class_list":["post-191","post","type-post","status-publish","format-standard","hentry","category-reisen","tag-49","tag-chorreise","tag-tessin","tag-verzascatal"],"acf":[],"jetpack_sharing_enabled":true,"jetpack_featured_media_url":"","_links":{"self":[{"href":"https:\/\/antonius-chor-wettingen.ch\/index.php\/wp-json\/wp\/v2\/posts\/191","targetHints":{"allow":["GET"]}}],"collection":[{"href":"https:\/\/antonius-chor-wettingen.ch\/index.php\/wp-json\/wp\/v2\/posts"}],"about":[{"href":"https:\/\/antonius-chor-wettingen.ch\/index.php\/wp-json\/wp\/v2\/types\/post"}],"author":[{"embeddable":true,"href":"https:\/\/antonius-chor-wettingen.ch\/index.php\/wp-json\/wp\/v2\/users\/1"}],"replies":[{"embeddable":true,"href":"https:\/\/antonius-chor-wettingen.ch\/index.php\/wp-json\/wp\/v2\/comments?post=191"}],"version-history":[{"count":1,"href":"https:\/\/antonius-chor-wettingen.ch\/index.php\/wp-json\/wp\/v2\/posts\/191\/revisions"}],"predecessor-version":[{"id":192,"href":"https:\/\/antonius-chor-wettingen.ch\/index.php\/wp-json\/wp\/v2\/posts\/191\/revisions\/192"}],"wp:attachment":[{"href":"https:\/\/antonius-chor-wettingen.ch\/index.php\/wp-json\/wp\/v2\/media?parent=191"}],"wp:term":[{"taxonomy":"category","embeddable":true,"href":"https:\/\/antonius-chor-wettingen.ch\/index.php\/wp-json\/wp\/v2\/categories?post=191"},{"taxonomy":"post_tag","embeddable":true,"href":"https:\/\/antonius-chor-wettingen.ch\/index.php\/wp-json\/wp\/v2\/tags?post=191"}],"curies":[{"name":"wp","href":"https:\/\/api.w.org\/{rel}","templated":true}]}}