{"id":37,"date":"2014-01-23T13:15:19","date_gmt":"2014-01-23T13:15:19","guid":{"rendered":"https:\/\/antonius-chor-wettingen.ch\/?p=37"},"modified":"2020-09-19T13:27:13","modified_gmt":"2020-09-19T13:27:13","slug":"60-jahre-antonius-chor","status":"publish","type":"post","link":"https:\/\/antonius-chor-wettingen.ch\/index.php\/2014\/01\/23\/60-jahre-antonius-chor\/","title":{"rendered":"60 Jahre Antonius-Chor"},"content":{"rendered":"\n<p class=\"wp-block-paragraph\">Liebe S\u00e4ngerinnen und S\u00e4nger des Antonius-Chors. Ein Jubil\u00e4um motiviert, mal ins Archiv zu gehen. Wie ist denn dieser Chor entstanden? Hier die ersten beiden Eintr\u00e4ge, die ich im Pfarrblatt Wettingen gefunden habe.<\/p>\n\n\n\n<p class=\"wp-block-paragraph\">In der Ausgabe vom 29. Mai 1954 heisst es:<\/p>\n\n\n\n<blockquote class=\"wp-block-quote is-layout-flow wp-block-quote-is-layout-flow\"><p><em>Kirchenchor St. Antonius. Am Montag fanden sich gegen 40 Personen zur ersten Probe ein. Erfreulich! Wir ben\u00f6tigen noch mehr Herren. N\u00e4chste Probe, Montag 31. Mai, 20.00 Uhr im Singsaal Altenburg (Einf\u00fchrung in die Notenschrift, Stimmbildung, mehrstimmige Messe, Choral)<\/em>.<\/p><cite>Pfarrblatt Wettingen, 29. Mai 1954<\/cite><\/blockquote>\n\n\n\n<p class=\"wp-block-paragraph\">In der folgenden Ausgabe kann man lesen:<\/p>\n\n\n\n<blockquote class=\"wp-block-quote is-layout-flow wp-block-quote-is-layout-flow\"><p><em>Kirchenchor St. Antonius. Wir k\u00f6nnen wieder 7 neue Beitritte verzeichnen. Immer noch sind die Herren stark in der Minderzahl (ca. 1 zu 4). Die n\u00e4chste Probe findet statt: Donnerstag, 10. Juni 20.15 in der Kapelle der Antoniuskirche.<\/em><\/p><cite>Pfarrblatt Wettingen<\/cite><\/blockquote>\n\n\n\n<p class=\"wp-block-paragraph\">Es dauerte nicht lange, bis sich der Kirchenchor St. Antonius zu einem angesehenen Chor durchgemausert hatte. Und das ist bis heute so geblieben: ein lebendiger Chor mit grossem Engagement, ein bew\u00e4hrter und vorz\u00fcglicher Dirigent in Thomas Schacher, ein spritziger, junger Vollblutmusiker in Marco Amherd, ein engagierter Vorstand unter der Leitung von Walter W\u00fcrsch \u2013 eine Kirchengemeinde, eine Kirchenpflege, welche diesem Chor dank finanzieller Unterst\u00fctzung erlauben, Grosses zu bewirken.<\/p>\n\n\n\n<p class=\"wp-block-paragraph\">Als Dank an euch alle, als Dank f\u00fcr euer Engagement habe ich deshalb allen Chormitgliedern, dem Vorstand, dem Dirigent und dem Organist eine Rose mitgebracht: als Dank f\u00fcr eure Vielfarbigkeit, welche ihr durch euren Gesang in unsere Liturgie hineintr\u00e4gt; als Dank auch f\u00fcr euer Engagement als Verein in unserer Pfarrei.<\/p>\n\n\n\n<p class=\"wp-block-paragraph\">Aber klar, so eine Rose ist ein Dankesch\u00f6n von kurzer Lebensdauer. Sie wird bald verbl\u00fcht sein. Was kann ich also tun, um eure gesanglichen M\u00f6glichkeiten zu unterst\u00fctzen, ohne das Budget der Pfarrei zu strapazieren?<\/p>\n\n\n\n<p class=\"wp-block-paragraph\">Ich habe mir Folgendes \u00fcberlegt: Nehmen wir an, der Chor hat ungef\u00e4hr 40 x pro Jahr w\u00e4hrend 2 Stunden geprobt. Das w\u00e4ren also 80 Stunden. Zus\u00e4tzlich hat der Antoniuschor ungef\u00e4hr 20 Auftritte, das heisst mit Einsingen pro Auftritt 2 Stunden, gibt total 40 Stunden. Zu diesen 80 Stunden Chorproben dazugez\u00e4hlt ergibt das 120 Stunden.<\/p>\n\n\n\n<p class=\"wp-block-paragraph\">Nehmen wir weiter an, dass der Chor in diesen 60 Jahren im Durchschnitt mindestens 30 Mitglieder gez\u00e4hlt hat. Von diesen 30 Mitgliedern hat also jeder ungef\u00e4hr 120 Stunden gesungen, gibt total 3600 Stunden und das w\u00e4hrend 60 Jahren \u2013 das sind total 108\u2018000 Stunden. H\u00e4tte man die gesungenen Stunden der letzten 60 Jahre aneinandergereiht, erg\u00e4be das 108\u2018000 Stunden, oder geteilt durch 24 Stunden \u2013 4\u2018500 Tage. Tag und Nacht gesungen wohlverstanden, oder geteilt durch 365 \u2013 12,328 Jahre ohne Pause durchgesungen.<\/p>\n\n\n\n<p class=\"wp-block-paragraph\">Also w\u00e4hrend gut 12 Jahren w\u00e4re \u2013 ohne Unterbruch \u2013 der Gesang eines Chormitgliedes in der Kirche St. Anton zu h\u00f6ren gewesen. Unglaublich\u2026 Und damit das weiter so bleibt, habe ich mir \u00fcberlegt, euch etwas f\u00fcr eure Stimme zu schenken, damit sie f\u00fcr die n\u00e4chsten Jahre geschmiert wird<em>. (\u00fcbergibt ein grosses Paket mit vielen Ricola-Bonbons)<\/em><\/p>\n\n\n\n<p class=\"wp-block-paragraph\">So danke ich euch im Namen der Pfarrei St. Anton f\u00fcr euer Wirken und w\u00fcnsche euch in Zukunft viele erf\u00fcllende Momente beim Proben, bei der musikalischen Gestaltung der Liturgie und bei den Konzerten. Wir freuen uns darauf und stossen alle gemeinsam auf euer Jubil\u00e4um an!<\/p>\n\n\n\n<p class=\"wp-block-paragraph\">Sr. Angela Hug <\/p>\n\n\n\n<p class=\"wp-block-paragraph\">(Ansprache in Dialekt gehalten)<\/p>\n","protected":false},"excerpt":{"rendered":"<p>Liebe S\u00e4ngerinnen und S\u00e4nger des Antonius-Chors. Ein Jubil\u00e4um motiviert, mal ins Archiv zu gehen. Wie ist denn dieser Chor entstanden? Hier die ersten beiden Eintr\u00e4ge, die ich im Pfarrblatt Wettingen gefunden habe. In der Ausgabe vom 29. Mai 1954 heisst es: Kirchenchor St. Antonius. Am Montag fanden sich gegen 40 Personen zur ersten Probe ein. &#8230; <a title=\"60 Jahre Antonius-Chor\" class=\"read-more\" href=\"https:\/\/antonius-chor-wettingen.ch\/index.php\/2014\/01\/23\/60-jahre-antonius-chor\/\">Weiterlesen <span class=\"screen-reader-text\">60 Jahre Antonius-Chor<\/span><\/a><\/p>\n","protected":false},"author":1,"featured_media":0,"comment_status":"open","ping_status":"open","sticky":false,"template":"","format":"standard","meta":{"_acf_changed":false,"_jetpack_newsletter_access":"","_jetpack_dont_email_post_to_subs":false,"_jetpack_newsletter_tier_id":0,"_jetpack_memberships_contains_paywalled_content":false,"_jetpack_memberships_contains_paid_content":false,"footnotes":""},"categories":[4],"tags":[],"class_list":["post-37","post","type-post","status-publish","format-standard","hentry","category-feiern"],"acf":[],"jetpack_sharing_enabled":true,"jetpack_featured_media_url":"","_links":{"self":[{"href":"https:\/\/antonius-chor-wettingen.ch\/index.php\/wp-json\/wp\/v2\/posts\/37","targetHints":{"allow":["GET"]}}],"collection":[{"href":"https:\/\/antonius-chor-wettingen.ch\/index.php\/wp-json\/wp\/v2\/posts"}],"about":[{"href":"https:\/\/antonius-chor-wettingen.ch\/index.php\/wp-json\/wp\/v2\/types\/post"}],"author":[{"embeddable":true,"href":"https:\/\/antonius-chor-wettingen.ch\/index.php\/wp-json\/wp\/v2\/users\/1"}],"replies":[{"embeddable":true,"href":"https:\/\/antonius-chor-wettingen.ch\/index.php\/wp-json\/wp\/v2\/comments?post=37"}],"version-history":[{"count":1,"href":"https:\/\/antonius-chor-wettingen.ch\/index.php\/wp-json\/wp\/v2\/posts\/37\/revisions"}],"predecessor-version":[{"id":38,"href":"https:\/\/antonius-chor-wettingen.ch\/index.php\/wp-json\/wp\/v2\/posts\/37\/revisions\/38"}],"wp:attachment":[{"href":"https:\/\/antonius-chor-wettingen.ch\/index.php\/wp-json\/wp\/v2\/media?parent=37"}],"wp:term":[{"taxonomy":"category","embeddable":true,"href":"https:\/\/antonius-chor-wettingen.ch\/index.php\/wp-json\/wp\/v2\/categories?post=37"},{"taxonomy":"post_tag","embeddable":true,"href":"https:\/\/antonius-chor-wettingen.ch\/index.php\/wp-json\/wp\/v2\/tags?post=37"}],"curies":[{"name":"wp","href":"https:\/\/api.w.org\/{rel}","templated":true}]}}