{"id":89,"date":"2020-01-27T08:46:41","date_gmt":"2020-01-27T08:46:41","guid":{"rendered":"https:\/\/antonius-chor-wettingen.ch\/?p=89"},"modified":"2020-09-20T08:52:38","modified_gmt":"2020-09-20T08:52:38","slug":"gv-vom-16-januar-2020","status":"publish","type":"post","link":"https:\/\/antonius-chor-wettingen.ch\/index.php\/2020\/01\/27\/gv-vom-16-januar-2020\/","title":{"rendered":"Generalversammlung vom 16. Januar 2020"},"content":{"rendered":"\n<p class=\"wp-block-paragraph\">Pr\u00e4sident Walter W\u00fcrsch begr\u00fcsste Chorleiter Giuseppe Raccuglia, die Ehren- und Chormitglieder sowie die Revisorin Hedy Meier zur 66. GV. <\/p>\n\n\n\n<p class=\"wp-block-paragraph\"><strong>Der Jahresbericht des Pr\u00e4sidenten:<\/strong> Zum musikalischen R\u00fcckblick auf 2019 erw\u00e4hnte er den gelungenen Neustart mit unserem Chorleiter, der auf sein erstes ganzj\u00e4hriges und erfolgreiches Chorjahr zur\u00fcckblicken konnte. Zu den Auftritten an Ostern 2019: Erstmals trat der Chor am \u201eHohen Donnerstag\u201c und in der \u201eOsternacht\u201c auf. In der Osternacht trug der Chor die \u201eMissa Sancti Nicolai\u201c von Joseph Haydn vor. Diese zeitliche Neuerung wurde von den Gottesdienstbesuchern sehr positiv aufgenommen. Die Chor-Auftritte zu Pfingsten mit der \u201eMesse in D-Dur\u201c (Orgelfassung) von A. Dvorak und an Weihnachten die \u201eMissa in G\u201c von F. Schubert wurden ebenfalls erfolgreich bew\u00e4ltigt. Ebenso die Schola-Auftritte mit neu einstudierten gregorianischen Ges\u00e4ngen. Zum Vereinsleben in 2019: Neben den zahlreichen Proben und den damit verbundenen Auftritten kam auch die Pflege der Geselligkeit nicht zu kurz. Zu erw\u00e4hnen sind: der allj\u00e4hrige Chorabend, das Grillfest im Sommer und die Chorreise. Die grosse Chorreise 2019 f\u00fchrte uns nach F\u00fcssen\/Ostallg\u00e4u und ins Tannheimer-Tal\/Tirol, verbunden mit einem Chorauftritt in der barocken Klosterkirche St. Mang, F\u00fcssen. Den beiden Organisatorinnen Emilia Baldi und Helen M\u00fcller dankte er f\u00fcr die gelungene und wundersch\u00f6ne Chorreise. <\/p>\n\n\n\n<p class=\"wp-block-paragraph\"><strong>Wahl eines weiteren Revisors:<\/strong> Peter G\u00fcnthart wurde einstimmig und mit grossem Beifall als Revisor gew\u00e4hlt. <\/p>\n\n\n\n<p class=\"wp-block-paragraph\"><strong>Die Vorschau unseres Chorleiters auf 2020:<\/strong> Neue Herausforderungen f\u00fcr den Chor k\u00fcndigte er an. F\u00fcr die Osterauff\u00fchrung werden wir die \u201eMissa brevis in C\u201c (Missa aulica) vom Prager Komponisten Franti\u0161ek Xaver Brixi neu einstudieren. Brixi komponierte zahlreiche geistliche Werke und war viele Jahre Regens chori am Prager-Veits Dom. Eine weitere Neueinstudierung steht auf dem Programm: die \u201eMissa Sancti Alberti\u201c vom Wiener Komponisten Joseph Leopold von Eybler. Sein Lehrer J. G. Albrechtsberger sagte \u00fcber Eybler, \u201edass er nach Mozart in der Musik jetzt das gr\u00f6\u00dfte Genie sei, welches Wien besitzt\u201c. Zum Mitproben und Mitsingen lud er Gasts\u00e4ngerinnen und Gasts\u00e4nger herzlich ein. <\/p>\n\n\n\n<p class=\"wp-block-paragraph\"><strong>Die Jahresrechnung 2019\/ Budget 2020:<\/strong> Kassier Geri Weibel erl\u00e4uterter die wichtigsten Konti-Positionen und Saldi. Die Jahresrechnung 2019 und Orchesterkassen-Rechnung wurden von der Revisorin Hedy Meier und Peter G\u00fcnthart, dem designierten Revisor, in allen Details und Belangen \u00fcberpr\u00fcft. Sie best\u00e4tigten den Anwesenden &#8211; wie alle Jahre &#8211; eine ordentliche und vorbildliche Kassenf\u00fchrung. Die Jahresrechnung 2019 und das Budget 2020 wurden mit grossem Applaus einstimmig genehmigt und damit dem gesamten Vorstand D\u00e9charge erteilt. <\/p>\n\n\n\n<p class=\"wp-block-paragraph\"><strong>Zum Abschluss <\/strong>bedankte sich Pr\u00e4sident Walter W\u00fcrsch bei Chorleiter Giuseppe Raccuglia, bei den Chors\u00e4ngerinnen und Chors\u00e4ngern, bei den zahlreichen Gasts\u00e4ngerinnen\/-s\u00e4ngern und bei den Vst.-Mitgliedern f\u00fcr ihren Einsatz im vergangenen Chorjahr.<\/p>\n\n\n\n<p class=\"wp-block-paragraph\">Wettingen, den 27. Januar 2020<br>Werner Enzmann, Aktuar<\/p>\n\n\n\n<p class=\"wp-block-paragraph\"><a href=\"\/wp-content\/uploads\/2020\/09\/GV_2020_Antonius_Chor_Presse.pdf\">Download als PDF<\/a><\/p>\n","protected":false},"excerpt":{"rendered":"<p>Pr\u00e4sident Walter W\u00fcrsch begr\u00fcsste Chorleiter Giuseppe Raccuglia, die Ehren- und Chormitglieder sowie die Revisorin Hedy Meier zur 66. GV. Der Jahresbericht des Pr\u00e4sidenten: Zum musikalischen R\u00fcckblick auf 2019 erw\u00e4hnte er den gelungenen Neustart mit unserem Chorleiter, der auf sein erstes ganzj\u00e4hriges und erfolgreiches Chorjahr zur\u00fcckblicken konnte. Zu den Auftritten an Ostern 2019: Erstmals trat der &#8230; <a title=\"Generalversammlung vom 16. Januar 2020\" class=\"read-more\" href=\"https:\/\/antonius-chor-wettingen.ch\/index.php\/2020\/01\/27\/gv-vom-16-januar-2020\/\">Weiterlesen <span class=\"screen-reader-text\">Generalversammlung vom 16. Januar 2020<\/span><\/a><\/p>\n","protected":false},"author":1,"featured_media":0,"comment_status":"open","ping_status":"open","sticky":false,"template":"","format":"standard","meta":{"_acf_changed":false,"_jetpack_newsletter_access":"","_jetpack_dont_email_post_to_subs":false,"_jetpack_newsletter_tier_id":0,"_jetpack_memberships_contains_paywalled_content":false,"_jetpack_memberships_contains_paid_content":false,"footnotes":""},"categories":[37],"tags":[],"class_list":["post-89","post","type-post","status-publish","format-standard","hentry","category-verwaltung"],"acf":[],"jetpack_sharing_enabled":true,"jetpack_featured_media_url":"","_links":{"self":[{"href":"https:\/\/antonius-chor-wettingen.ch\/index.php\/wp-json\/wp\/v2\/posts\/89","targetHints":{"allow":["GET"]}}],"collection":[{"href":"https:\/\/antonius-chor-wettingen.ch\/index.php\/wp-json\/wp\/v2\/posts"}],"about":[{"href":"https:\/\/antonius-chor-wettingen.ch\/index.php\/wp-json\/wp\/v2\/types\/post"}],"author":[{"embeddable":true,"href":"https:\/\/antonius-chor-wettingen.ch\/index.php\/wp-json\/wp\/v2\/users\/1"}],"replies":[{"embeddable":true,"href":"https:\/\/antonius-chor-wettingen.ch\/index.php\/wp-json\/wp\/v2\/comments?post=89"}],"version-history":[{"count":2,"href":"https:\/\/antonius-chor-wettingen.ch\/index.php\/wp-json\/wp\/v2\/posts\/89\/revisions"}],"predecessor-version":[{"id":93,"href":"https:\/\/antonius-chor-wettingen.ch\/index.php\/wp-json\/wp\/v2\/posts\/89\/revisions\/93"}],"wp:attachment":[{"href":"https:\/\/antonius-chor-wettingen.ch\/index.php\/wp-json\/wp\/v2\/media?parent=89"}],"wp:term":[{"taxonomy":"category","embeddable":true,"href":"https:\/\/antonius-chor-wettingen.ch\/index.php\/wp-json\/wp\/v2\/categories?post=89"},{"taxonomy":"post_tag","embeddable":true,"href":"https:\/\/antonius-chor-wettingen.ch\/index.php\/wp-json\/wp\/v2\/tags?post=89"}],"curies":[{"name":"wp","href":"https:\/\/api.w.org\/{rel}","templated":true}]}}