{"id":94,"date":"2019-11-06T08:54:10","date_gmt":"2019-11-06T08:54:10","guid":{"rendered":"https:\/\/antonius-chor-wettingen.ch\/?p=94"},"modified":"2020-09-20T08:55:24","modified_gmt":"2020-09-20T08:55:24","slug":"chorreise-2019-nach-fuessen-tannheim","status":"publish","type":"post","link":"https:\/\/antonius-chor-wettingen.ch\/index.php\/2019\/11\/06\/chorreise-2019-nach-fuessen-tannheim\/","title":{"rendered":"Chorreise 2019 nach F\u00fcssen\/Tannheim"},"content":{"rendered":"\n<p class=\"wp-block-paragraph\">Kamen auf der Reise ins Tessin 2017 die Liebhaber anhaltender und sintflutartiger Regenf\u00e4lle auf ihre Rechnung, so war die heurige Ausgabe eher ein Fest f\u00fcr die Freunde langer Carfahrten. Und gen\u00fcgten die knapp siebenhundert gefahrenen Kilometer auch nicht zum Knacken des Allzeit- Rekords (Parma 2001) so reichte es Dank zahlreicher Pass\u00fcberquerungen und Extraschlaufen dennoch f\u00fcr einen Spitzenplatz in der Kategorie &#8222;Reisedauer&#8220; in die Annalen des Antonius-Chores.<\/p>\n\n\n\n<p class=\"wp-block-paragraph\">Mit etwas Wehmut konstatierte man am fr\u00fchen Samstagmorgen, nach Eintreffen des beinahe vollst\u00e4ndig angetretenen Chores samt Partnern und Ehemaligen, sowie deren Partnern: die Zeiten in denen es F\u00fcnfzig-Pl\u00e4tzer-Cars brauchte, sind endg\u00fcltig vorbei. Doch die vielversprechende Affiche mit Schloss Neuschwanstein vor Augen liess alle Tr\u00fcbsal rasch vergessen und wir fuhren bei gutem Wetter z\u00fcgig Richtung Bodensee. Bei der Kaffeepause kam mit der Frage nach der ID ein erster Schreckensmoment, lag doch die meinige sicher verwahrt zu Hause. Und so ging es trotz finsteren Aussichten im Falle einer Grenzkontrolle &#8211; Chauffeur Markus sprach von stundenlangen Verz\u00f6gerungen &#8211; in stetig wechselnder Folge durch \u00d6sterreich, Deutschland, \u00d6sterreich und dann wieder Deutschland usw. nach dem sch\u00f6nen F\u00fcssen. Nach freiem Aufenthalt f\u00fcr Rundgang, Mittagessen, dem Kauf von zu Kugeln zusammengeknetetem Geb\u00e4ck, oder Dirigier-Trocken\u00fcbungen an den Gestaden der hellgr\u00fcn gef\u00e4rbten Lech, gab es eine kurzweilige und spannende F\u00fchrung durch das vom Krieg verschonte und daher nahezu unver\u00e4nderte, auf der r\u00f6mischen Verkehrsachse Venedig &#8211; Augsburg gelegenen St\u00e4dtchen. In Erinnerung blieben unter anderem die anschaulichen Ausf\u00fchrungen \u00fcber Geigenbauer, Fl\u00f6sser und bedauernswerte Galgenv\u00f6gel.<\/p>\n\n\n\n<p class=\"wp-block-paragraph\">Auf der Weiterfahrt zum Nachtquartier im Hotel S\u00e4gerhof im Tannheimer Tal in den Allg\u00e4uer Alpen, blieb die freudige Erwartung einen Blick auf das ber\u00fchmte Schloss zu erhaschen leider unerf\u00fcllt. Nach Geburtstagsap\u00e9ro und -St\u00e4ndchen f\u00fcr unseren Chorleiter und einem guten Nachtessen tauchten wir zu vorger\u00fcckter Stunde ins lokale Nachtleben ein. Dabei d\u00fcrfte unser Chor dem Barpersonal vor allem wegen den eher unkonventionellen Bestellungen wie etwa Kamillentee oder Holdrio in Erinnerung bleiben. Nach Erwachen aller Teilnehmer ging es am Sonntagmorgen anstelle der urspr\u00fcnglich geplanten Spazierg\u00e4nge durch die nunmehr verregnete Berglandschaft zur\u00fcck nach F\u00fcssen, zur Mitwirkung im sonnt\u00e4glichen Hochamt.<\/p>\n\n\n\n<p class=\"wp-block-paragraph\">Der hier folgende zweite Schreckensmoment, diesmal w\u00e4hrend der Messe in der barocken Kirche St. Mang, Stichwort: Ave Maria von Arcadelt, blieb Dank Giuseppes souver\u00e4nem Handling der Krise f\u00fcr viele Zuh\u00f6rer vermutlich unerkannt. Der \u00f6rtliche Organist mit wilder Amadeus Frisur erwies uns zum Auszug mit einer fulminanten Improvisation, welche mit \u00abHappy Birthday\u00bb f\u00fcr einen lokalen Jubilar begann und mit unserer Nationalhymne endete, eine gelungene und sch\u00f6ne Referenz.<\/p>\n\n\n\n<p class=\"wp-block-paragraph\">Wenn es auch nicht f\u00fcr einen Besuch des Schlosses K\u00f6nig Ludwigs des zweiten reichte, so gab es doch noch Gelegenheit aus dem fahrenden Car einen kurzen Blick auf das weltber\u00fchmte, im Regen allerdings grau und \u00fcberraschend unansehnlich wirkende Bauwerk zu werfen. F\u00fcr Interessierte sei der Dokumentarfilm \u00abTerra X Superbauten Neuschwanstein\u00bb sehr empfohlen.<\/p>\n\n\n\n<p class=\"wp-block-paragraph\">Bei wechselhaftem Wetter f\u00fchrte uns die Fahrt auf und ab durch die malerischen Berge und T\u00e4ler des Allg\u00e4u und des Tirol zur\u00fcck ins abendliche Wettingen. Fazit: Angesichts der Anspr\u00fcche, keine langen Gehwege oder gar Treppen, Mitwirkung im Gottesdienst, bezahlbare aber sch\u00f6ne Unterk\u00fcnfte und gutes Essen, ist es unseren lieben Reiseplanerinnen einmal mehr gut gelungen, alles unter einen Hut zu bringen. Daf\u00fcr ein grosses Dankesch\u00f6n! Und es ist halt so: wo gehobelt wird, fallen Sp\u00e4ne &#8211; und manchmal sogar ganze Schl\u00f6sser.<\/p>\n\n\n\n<p class=\"wp-block-paragraph\">Geri Weibel \/ 06.11.2019<\/p>\n","protected":false},"excerpt":{"rendered":"<p>Kamen auf der Reise ins Tessin 2017 die Liebhaber anhaltender und sintflutartiger Regenf\u00e4lle auf ihre Rechnung, so war die heurige Ausgabe eher ein Fest f\u00fcr die Freunde langer Carfahrten. Und gen\u00fcgten die knapp siebenhundert gefahrenen Kilometer auch nicht zum Knacken des Allzeit- Rekords (Parma 2001) so reichte es Dank zahlreicher Pass\u00fcberquerungen und Extraschlaufen dennoch f\u00fcr &#8230; <a title=\"Chorreise 2019 nach F\u00fcssen\/Tannheim\" class=\"read-more\" href=\"https:\/\/antonius-chor-wettingen.ch\/index.php\/2019\/11\/06\/chorreise-2019-nach-fuessen-tannheim\/\">Weiterlesen <span class=\"screen-reader-text\">Chorreise 2019 nach F\u00fcssen\/Tannheim<\/span><\/a><\/p>\n","protected":false},"author":1,"featured_media":0,"comment_status":"open","ping_status":"open","sticky":false,"template":"","format":"standard","meta":{"_acf_changed":false,"_jetpack_newsletter_access":"","_jetpack_dont_email_post_to_subs":false,"_jetpack_newsletter_tier_id":0,"_jetpack_memberships_contains_paywalled_content":false,"_jetpack_memberships_contains_paid_content":false,"footnotes":""},"categories":[3],"tags":[],"class_list":["post-94","post","type-post","status-publish","format-standard","hentry","category-reisen"],"acf":[],"jetpack_sharing_enabled":true,"jetpack_featured_media_url":"","_links":{"self":[{"href":"https:\/\/antonius-chor-wettingen.ch\/index.php\/wp-json\/wp\/v2\/posts\/94","targetHints":{"allow":["GET"]}}],"collection":[{"href":"https:\/\/antonius-chor-wettingen.ch\/index.php\/wp-json\/wp\/v2\/posts"}],"about":[{"href":"https:\/\/antonius-chor-wettingen.ch\/index.php\/wp-json\/wp\/v2\/types\/post"}],"author":[{"embeddable":true,"href":"https:\/\/antonius-chor-wettingen.ch\/index.php\/wp-json\/wp\/v2\/users\/1"}],"replies":[{"embeddable":true,"href":"https:\/\/antonius-chor-wettingen.ch\/index.php\/wp-json\/wp\/v2\/comments?post=94"}],"version-history":[{"count":1,"href":"https:\/\/antonius-chor-wettingen.ch\/index.php\/wp-json\/wp\/v2\/posts\/94\/revisions"}],"predecessor-version":[{"id":95,"href":"https:\/\/antonius-chor-wettingen.ch\/index.php\/wp-json\/wp\/v2\/posts\/94\/revisions\/95"}],"wp:attachment":[{"href":"https:\/\/antonius-chor-wettingen.ch\/index.php\/wp-json\/wp\/v2\/media?parent=94"}],"wp:term":[{"taxonomy":"category","embeddable":true,"href":"https:\/\/antonius-chor-wettingen.ch\/index.php\/wp-json\/wp\/v2\/categories?post=94"},{"taxonomy":"post_tag","embeddable":true,"href":"https:\/\/antonius-chor-wettingen.ch\/index.php\/wp-json\/wp\/v2\/tags?post=94"}],"curies":[{"name":"wp","href":"https:\/\/api.w.org\/{rel}","templated":true}]}}