{"id":96,"date":"2019-01-01T08:56:33","date_gmt":"2019-01-01T08:56:33","guid":{"rendered":"https:\/\/antonius-chor-wettingen.ch\/?p=96"},"modified":"2020-09-20T08:58:29","modified_gmt":"2020-09-20T08:58:29","slug":"chorabend-vom-26-januar-2019","status":"publish","type":"post","link":"https:\/\/antonius-chor-wettingen.ch\/index.php\/2019\/01\/01\/chorabend-vom-26-januar-2019\/","title":{"rendered":"Chorabend vom 26. Januar 2019"},"content":{"rendered":"\n<p class=\"wp-block-paragraph\">Der vorg\u00e4ngige Gottesdienst im St. Anton wurde von Chor und der Choralschola musikalisch mitgestaltet. Zum Einzug sang die Schola &#8211; unter der Leitung von Giuseppe Raccuglia &#8211; den neu einstudierten Introito gregoriano \u201eDominus secus mare Galilaeae\u201c. <\/p>\n\n\n\n<p class=\"wp-block-paragraph\">Anschliessend ging es zum gem\u00fctlichen Teil \u00fcber. Nach dem Ap\u00e9ro und den Begr\u00fcssungsreden von Frau Pr\u00e4ses Ulrike Zimmermann und vom Pr\u00e4sidenten Walter W\u00fcrsch, genossen die Anwesenden das feine Nachtessen. Liedervortr\u00e4ge vom Chor rundeten das Unterhaltungsprogramm ab. <\/p>\n\n\n\n<p class=\"wp-block-paragraph\">Verabschiedung von Alice Niggli als Bibliothekarin: Pr\u00e4sident Walter W\u00fcrsch dankte Alice f\u00fcr ihren langj\u00e4hrigen Einsatz als Musikalien-Verwalterin und Vorstandsmitglied. Er erw\u00e4hnte, dass Alice Niggli seit 2003 das aufwendige Amt mit Pflichtbewusstsein, Zuverl\u00e4ssigkeit und viel unsichtbarer Arbeit wahrgenommen hat. Im Mittelpunkt stand die Ehrung von unserem Ehrenmitglied Hugo Jost f\u00fcr seine 55 Jahre Chormitgliedschaft. Die Anwesenden spendeten Hugo einen geb\u00fchrenden Applaus f\u00fcr seine langj\u00e4hrige Vereinstreue. Als weitere Chormitglieder wurden geehrt: Nikolaus Kaufmann f\u00fcr 20 Jahre und Vren Holenstein f\u00fcr 10 Jahre Chormitgliedschaft. <\/p>\n\n\n\n<p class=\"wp-block-paragraph\">(WE)<\/p>\n","protected":false},"excerpt":{"rendered":"<p>Der vorg\u00e4ngige Gottesdienst im St. Anton wurde von Chor und der Choralschola musikalisch mitgestaltet. Zum Einzug sang die Schola &#8211; unter der Leitung von Giuseppe Raccuglia &#8211; den neu einstudierten Introito gregoriano \u201eDominus secus mare Galilaeae\u201c. Anschliessend ging es zum gem\u00fctlichen Teil \u00fcber. Nach dem Ap\u00e9ro und den Begr\u00fcssungsreden von Frau Pr\u00e4ses Ulrike Zimmermann und &#8230; <a title=\"Chorabend vom 26. Januar 2019\" class=\"read-more\" href=\"https:\/\/antonius-chor-wettingen.ch\/index.php\/2019\/01\/01\/chorabend-vom-26-januar-2019\/\">Weiterlesen <span class=\"screen-reader-text\">Chorabend vom 26. Januar 2019<\/span><\/a><\/p>\n","protected":false},"author":1,"featured_media":0,"comment_status":"open","ping_status":"open","sticky":false,"template":"","format":"standard","meta":{"_acf_changed":false,"_jetpack_newsletter_access":"","_jetpack_dont_email_post_to_subs":false,"_jetpack_newsletter_tier_id":0,"_jetpack_memberships_contains_paywalled_content":false,"_jetpack_memberships_contains_paid_content":false,"footnotes":""},"categories":[38],"tags":[],"class_list":["post-96","post","type-post","status-publish","format-standard","hentry","category-chorabend"],"acf":[],"jetpack_sharing_enabled":true,"jetpack_featured_media_url":"","_links":{"self":[{"href":"https:\/\/antonius-chor-wettingen.ch\/index.php\/wp-json\/wp\/v2\/posts\/96","targetHints":{"allow":["GET"]}}],"collection":[{"href":"https:\/\/antonius-chor-wettingen.ch\/index.php\/wp-json\/wp\/v2\/posts"}],"about":[{"href":"https:\/\/antonius-chor-wettingen.ch\/index.php\/wp-json\/wp\/v2\/types\/post"}],"author":[{"embeddable":true,"href":"https:\/\/antonius-chor-wettingen.ch\/index.php\/wp-json\/wp\/v2\/users\/1"}],"replies":[{"embeddable":true,"href":"https:\/\/antonius-chor-wettingen.ch\/index.php\/wp-json\/wp\/v2\/comments?post=96"}],"version-history":[{"count":1,"href":"https:\/\/antonius-chor-wettingen.ch\/index.php\/wp-json\/wp\/v2\/posts\/96\/revisions"}],"predecessor-version":[{"id":97,"href":"https:\/\/antonius-chor-wettingen.ch\/index.php\/wp-json\/wp\/v2\/posts\/96\/revisions\/97"}],"wp:attachment":[{"href":"https:\/\/antonius-chor-wettingen.ch\/index.php\/wp-json\/wp\/v2\/media?parent=96"}],"wp:term":[{"taxonomy":"category","embeddable":true,"href":"https:\/\/antonius-chor-wettingen.ch\/index.php\/wp-json\/wp\/v2\/categories?post=96"},{"taxonomy":"post_tag","embeddable":true,"href":"https:\/\/antonius-chor-wettingen.ch\/index.php\/wp-json\/wp\/v2\/tags?post=96"}],"curies":[{"name":"wp","href":"https:\/\/api.w.org\/{rel}","templated":true}]}}