{"id":98,"date":"2019-01-24T09:00:00","date_gmt":"2019-01-24T09:00:00","guid":{"rendered":"https:\/\/antonius-chor-wettingen.ch\/?p=98"},"modified":"2020-09-29T13:23:21","modified_gmt":"2020-09-29T13:23:21","slug":"generalversammlung-vom-17-januar-2019","status":"publish","type":"post","link":"https:\/\/antonius-chor-wettingen.ch\/index.php\/2019\/01\/24\/generalversammlung-vom-17-januar-2019\/","title":{"rendered":"Generalversammlung vom 17. Januar 2019"},"content":{"rendered":"\n<p class=\"wp-block-paragraph\">Pr\u00e4sident Walter W\u00fcrsch begr\u00fcsste unseren neuen Chorleiter Giuseppe Raccuglia sowie die anwesenden Ehren- und Chormitglieder zur 65. GV. Er f\u00fchrte aus, dass die 22-j\u00e4hrige Chorleitert\u00e4tigkeit von Thomas Schacher wegen seiner Pensionierung im vergangenen Jahr zu Ende ging. Mit der Anstellung von Giuseppe Raccuglia auf den 1. Juli 2018 von Seiten der Kirchenpflege hat die Unsicherheit \u00fcber die Chorzukunft ein Ende gefunden. In der Zwischenzeit haben wir Giuseppe Raccuglia, aufgrund seiner kompetenten Probenarbeit und fr\u00f6hlichen Umgangsart, schon recht gut kennengelernt.<\/p>\n\n\n\n<p class=\"wp-block-paragraph\"><strong>Mutation im Vorstand \u201eZur Nachfolge unserer Bibliothekarin Alice Niggli\u201c:<\/strong> Alice Niggli hat w\u00e4hrend 15 Jahren ihr aufwendiges Amt mit viel Pflichtbewusstsein, Zuverl\u00e4ssigkeit und unsichtbarer Arbeit wahrgenommen. Er dankte ihr f\u00fcr den langj\u00e4hrigen Einsatz. Als Nachfolgerin wurde Monika Antener per Akklamation gew\u00e4hlt.<\/p>\n\n\n\n<p class=\"wp-block-paragraph\"><strong>Die Neuaufnahme von Destina von Allmen:<\/strong> Die Chormitglieder freuen sich sehr, dass eine junge S\u00e4ngerin sich entschlossen hat, mit uns lebenserfahrenen Chorristen mitzusingen. Sie wurde mit grossem Applaus als neues Chormitglied aufgenommen.<\/p>\n\n\n\n<p class=\"wp-block-paragraph\"><strong>Der Jahresbericht des Pr\u00e4sidenten: <\/strong>Auch im vergangenen Jahr hat der Chor, neben den zahlreichen Proben, mit seinen 20 Auftritten und den 4 zus\u00e4tzlichen Eins\u00e4tzen der Choralschola, einen beachtlichen Einsatz gezeigt. Der erste Halbjahreszyklus stand noch unter der Chorleitung von Thomas Schacher. Mit einem anspruchsvollen musikalischen Programm schloss er sein letztes-Halbjahr als Chorleiter vom Antonius-Chor ab. Zum Chorabend Ende Januar: Im vorg\u00e4ngigen Gottesdienst sang der Chor die \u201eKleine Orgelsolomesse in B-Dur\u201c von Josef Haydn. Am Ostersonntag: Die \u201eMissa in C\u201c (Grosse Credo-Messe) von W. A. Mozart. Anfangs Juni zum Patrozinium: Der gemeinsame Auftritt mit der \u201eVocappella\u201c, wo die beiden Ch\u00f6re die Missa \u201eDeo gratias\u201c von Denis Alain Dion vortrugen.<\/p>\n\n\n\n<p class=\"wp-block-paragraph\"><strong>Zum Gegenbesuch des Tessiner Chors \u201eLa Corale Verzaschese\u201c im Juni:<\/strong> Ihren Chorausflug nach Z\u00fcrich und Wettingen\/Baden verbanden die Tessiner mit einem Wiedersehen mit unserem Chor. Das mit Emilia Baldi abgestimmte Programm beinhaltete F\u00fchrungen durch die Klosteranlage Wettingen und der Stadt Baden sowie einen gemeinsamen Auftritt in der Stadtkirche Baden. Am Abend feierten die beiden Ch\u00f6re im Pfarrsaal St. Anton ihr Wiedersehen mit einem gemeinsamen Nachtessen und fr\u00f6hlichem Beisammensein.<\/p>\n\n\n\n<p class=\"wp-block-paragraph\"><strong>Zur Verabschiedung von Thomas Schacher am 30. Juni 2018:<\/strong><em> <\/em>Mit der Programmauswahl zum Abschiedsgottesdienst begeisterte Thomas zum letzten Mal die Zuh\u00f6rerschaft im St. Anton. Der Chor, verst\u00e4rkt mit Gasts\u00e4nger\/-innen, sang St\u00fccke aus der \u201eMissa Jubilate Deo\u201c von Wolfram Menschick, der \u201eMissa pro Patria\u201c von Johann B. Hilber, der \u201eMesse der hohen Liebe\u201c und der \u201eKleine deutsche Festmesse\u201c von Paul Huber. Als Schlusslied erklang das bekannte Halleluja aus dem Oratorium \u201eDer Messias\u201c von G. F. H\u00e4ndel. Der Auftritt des gefragten Bl\u00e4serquintetts \u201eQuintetto Inflagranti\u201c begeisterte mit unterhaltenden und musikalisch breitgef\u00e4cherten St\u00fccken die Zuh\u00f6rer. Auch Giuseppe Raccuglia trug mit seinem gekonnten Orgelspiel zum Gelingen des Anlasses bei. Von Seiten der Pfarrei St. Anton und der Kath. Kirchgemeine Wettingen hielt Ulrike Zimmermann die Laudatio auf Thomas Schacher. Sie lobte ihn als einen kreativen, kooperativen, toleranten und zuverl\u00e4ssigen Menschen. In seiner 22-j\u00e4hrigen Chorleitert\u00e4tigkeit in der Pfarrei St. Anton traten nie Erm\u00fcdungserscheinungen auf. Mit einem festlichen Ap\u00e9ro im Pfarrsaal vom St. Anton klang das Abschiedfest aus.<\/p>\n\n\n\n<p class=\"wp-block-paragraph\"><strong>Neustart mit Chorleiter Giuseppe Raccuglia:<\/strong> Er brachte zum Ausdruck, dass er sich freue, an der ersten Chor-GV teilzunehmen. Auch mache es ihm Spass mit einem Chor zusammenzuarbeiten, der auf seine musikalischen Vorstellungen und W\u00fcnsche rasch eingehe und sie ebenso schnell umsetze.<\/p>\n\n\n\n<p class=\"wp-block-paragraph\"><strong>Auftrittsschwerpunkte im zweite Halbjahreszyklus:<\/strong><em> <\/em>Zum ersten Mal unter seiner Leitung sang der Chor zum Patrozinium des Klosters Wettingen vom 12. August die \u201eKleine deutsche Festmesse\u201c von Paul Huber und das \u201eAve Maria\u201c von Jacob Arcadelt. Im November: Der gemeinsame Auftritt mit dem Kirchenchor St. Sebastian im Gottesdienst f\u00fcr die Freunde des Klosters Wettingen\u201c, wo die beiden Ch\u00f6re die \u201eMissa Festiva\u201c von Christopher Tambling sangen. Im Weihnachtsgottesdienst die Auff\u00fchrung der \u201eMissa brevis in F-Dur\u201c (Jugendmesse) von Joseph Haydn f\u00fcr gemischten Chor, Ad-hoc- Orchester. Den Solopart sangen Marion Neubauer (Sopran) und Christina Daletska (Mezzosopran), an der Orgel Pamela Schefer. Ferner die neueinstudierte vierstimmige Motette \u201eO magnum Mysterium\u201c von Tom\u00e1s Luis de Victoria. Das Dirigat lag in den H\u00e4nden von Alexandra Nigito.<\/p>\n\n\n\n<p class=\"wp-block-paragraph\"><strong>Die Vorschau unseres Chorleiters auf das 1. Halbjahr 2019: <\/strong>Zum Chorabend Ende Januar: Im vorg\u00e4ngigen Gottesdienst wird der Chor drei St\u00fccke aus den Freiburger Chorbuch singen. Die Choral Schola wird den Introitus \u201eDominus secus mare Galilaeae\u201c und das Kyrie aus der \u201eMissa Orbis factor\u201c vortragen. Die Chorauftritte im St. Anton zu Ostern 2019 \u00e4ndern sich gegen\u00fcber den letzten Jahren. Am Gr\u00fcndonnerstagabend<strong>: <\/strong>Im Gottesdienst um 19.00 Uhr wird der Chor Taiz\u00e9-Ges\u00e4nge vortragen. In der Osternacht (um 21.00 Uhr): die \u201eMissa Sancti Nicolai in G\u201c von Joseph Haydn in der Besetzung f\u00fcr vier Solo-Stimmen, vierstimmigen Chor, Orchester und Orgel. Am Pfingstsonntag: Teile aus der \u201eMesse in D op. 86\u201c von Antonin Dvorak in der Fassung f\u00fcr Soli, Chor und Orgel.<\/p>\n\n\n\n<p class=\"wp-block-paragraph\"><strong>Die Jahresrechnung 2018\/ Budget 2019: <\/strong>Eine Kopie der Jahresrechnung 2018\/Budget 2019 wurde den anwesenden Mitgliedern \u00fcbergeben. Kassier Geri Weibel erl\u00e4uterter die wichtigsten Konti-Positionen und Saldi. Fragen und Bemerkungen erfolgten keine. Die Jahresrechnung 2018 und Orchesterkassen- Rechnung wurden von der Revisorin Hedy Meier in allen Details und Belangen \u00fcberpr\u00fcft. Sie best\u00e4tigten den Anwesenden &#8211; wie alle Jahre &#8211; eine ordentliche und vorbildliche Kassenf\u00fchrung. Die Jahresrechnung 2018 und das Budget 2019 wurden mit grossem mit Applaus einstimmig genehmigt und damit dem gesamten Vorstand D\u00e9charge erteilt.<\/p>\n\n\n\n<p class=\"wp-block-paragraph\"><strong>Zum Abschluss <\/strong>bedankte sich Pr\u00e4sident Walter W\u00fcrsch bei den Chors\u00e4ngerinnen und Chors\u00e4ngern, bei den zahlreichen Gasts\u00e4ngerinnen\/-s\u00e4ngern und bei den Vst.-Mitgliedern f\u00fcr ihren Einsatz im vergangenen Chorjahr. <\/p>\n\n\n\n<p class=\"wp-block-paragraph\">Wettingen, den 24. Januar 2019<br>Werner Enzmann, Aktuar<\/p>\n","protected":false},"excerpt":{"rendered":"<p>Pr\u00e4sident Walter W\u00fcrsch begr\u00fcsste unseren neuen Chorleiter Giuseppe Raccuglia sowie die anwesenden Ehren- und Chormitglieder zur 65. GV. Er f\u00fchrte aus, dass die 22-j\u00e4hrige Chorleitert\u00e4tigkeit von Thomas Schacher wegen seiner Pensionierung im vergangenen Jahr zu Ende ging. Mit der Anstellung von Giuseppe Raccuglia auf den 1. Juli 2018 von Seiten der Kirchenpflege hat die Unsicherheit &#8230; <a title=\"Generalversammlung vom 17. Januar 2019\" class=\"read-more\" href=\"https:\/\/antonius-chor-wettingen.ch\/index.php\/2019\/01\/24\/generalversammlung-vom-17-januar-2019\/\">Weiterlesen <span class=\"screen-reader-text\">Generalversammlung vom 17. Januar 2019<\/span><\/a><\/p>\n","protected":false},"author":1,"featured_media":0,"comment_status":"closed","ping_status":"closed","sticky":false,"template":"","format":"standard","meta":{"_acf_changed":false,"_jetpack_newsletter_access":"","_jetpack_dont_email_post_to_subs":false,"_jetpack_newsletter_tier_id":0,"_jetpack_memberships_contains_paywalled_content":false,"_jetpack_memberships_contains_paid_content":false,"footnotes":""},"categories":[1],"tags":[],"class_list":["post-98","post","type-post","status-publish","format-standard","hentry","category-uncategorized"],"acf":[],"jetpack_sharing_enabled":true,"jetpack_featured_media_url":"","_links":{"self":[{"href":"https:\/\/antonius-chor-wettingen.ch\/index.php\/wp-json\/wp\/v2\/posts\/98","targetHints":{"allow":["GET"]}}],"collection":[{"href":"https:\/\/antonius-chor-wettingen.ch\/index.php\/wp-json\/wp\/v2\/posts"}],"about":[{"href":"https:\/\/antonius-chor-wettingen.ch\/index.php\/wp-json\/wp\/v2\/types\/post"}],"author":[{"embeddable":true,"href":"https:\/\/antonius-chor-wettingen.ch\/index.php\/wp-json\/wp\/v2\/users\/1"}],"replies":[{"embeddable":true,"href":"https:\/\/antonius-chor-wettingen.ch\/index.php\/wp-json\/wp\/v2\/comments?post=98"}],"version-history":[{"count":1,"href":"https:\/\/antonius-chor-wettingen.ch\/index.php\/wp-json\/wp\/v2\/posts\/98\/revisions"}],"predecessor-version":[{"id":99,"href":"https:\/\/antonius-chor-wettingen.ch\/index.php\/wp-json\/wp\/v2\/posts\/98\/revisions\/99"}],"wp:attachment":[{"href":"https:\/\/antonius-chor-wettingen.ch\/index.php\/wp-json\/wp\/v2\/media?parent=98"}],"wp:term":[{"taxonomy":"category","embeddable":true,"href":"https:\/\/antonius-chor-wettingen.ch\/index.php\/wp-json\/wp\/v2\/categories?post=98"},{"taxonomy":"post_tag","embeddable":true,"href":"https:\/\/antonius-chor-wettingen.ch\/index.php\/wp-json\/wp\/v2\/tags?post=98"}],"curies":[{"name":"wp","href":"https:\/\/api.w.org\/{rel}","templated":true}]}}